{"id":1896,"date":"2025-06-19T15:43:00","date_gmt":"2025-06-19T13:43:00","guid":{"rendered":"https:\/\/corecommenergy.hu\/?p=1896"},"modified":"2026-04-07T15:56:58","modified_gmt":"2026-04-07T13:56:58","slug":"miert-erdemes-beruhazni-ipari-energiataroloba","status":"publish","type":"post","link":"https:\/\/corecommenergy.hu\/en\/miert-erdemes-beruhazni-ipari-energiataroloba\/","title":{"rendered":"Mi\u00e9rt \u00e9rdemes beruh\u00e1zni ipari energiat\u00e1rol\u00f3ba?"},"content":{"rendered":"<p>Az akkumul\u00e1tor technol\u00f3gia folyamatosan fejl\u0151dik, a gy\u00e1rt\u00e1s volumen\u00e9nek n\u00f6veked\u00e9s\u00e9vel p\u00e1rhuzamosan az \u00e1ra is fokozatosan cs\u00f6kken. Ennek k\u00f6vetkezt\u00e9ben elfogadhat\u00f3 megt\u00e9r\u00fcl\u00e9s mellett val\u00f3s\u00edthat\u00f3 meg egy beruh\u00e1z\u00e1s.<\/p>\n<p><!--more--><\/p>\n<p><img loading=\"lazy\" decoding=\"async\" class=\"aligncenter wp-image-1816 size-large\" src=\"https:\/\/corecommenergy.hu\/wp-content\/uploads\/2025\/05\/Kepernyofoto-2025-05-09-16.08.51-1024x638.png\" alt=\"Kepernyofoto 2025 05 09 16.08.51 1024x638\" width=\"1024\" height=\"638\" srcset=\"https:\/\/corecommenergy.hu\/wp-content\/uploads\/2025\/05\/Kepernyofoto-2025-05-09-16.08.51-1024x638.png 1024w, https:\/\/corecommenergy.hu\/wp-content\/uploads\/2025\/05\/Kepernyofoto-2025-05-09-16.08.51-300x187.png 300w, https:\/\/corecommenergy.hu\/wp-content\/uploads\/2025\/05\/Kepernyofoto-2025-05-09-16.08.51-768x479.png 768w, https:\/\/corecommenergy.hu\/wp-content\/uploads\/2025\/05\/Kepernyofoto-2025-05-09-16.08.51-1536x957.png 1536w, https:\/\/corecommenergy.hu\/wp-content\/uploads\/2025\/05\/Kepernyofoto-2025-05-09-16.08.51.png 1569w\" sizes=\"auto, (max-width: 1024px) 100vw, 1024px\" \/><\/p>\n<p>\u00a0<\/p>\n<p>A meg\u00fajul\u00f3 energiatermel\u00e9s rohamos t\u00e9rnyer\u00e9s\u00e9vel elengedhetetlenn\u00e9 v\u00e1lt a megb\u00edzhat\u00f3 \u00e9s megfizethet\u0151 energiat\u00e1rol\u00e1s. L\u00e9tjogosults\u00e1g\u00e1t al\u00e1t\u00e1masztja, hogy a villamosenergia h\u00e1l\u00f3zatnak kifejezetten sz\u00fcks\u00e9ge van a t\u00e1rol\u00f3k \u00e1ltal biztos\u00edtott rugalmass\u00e1gra, valamint \u00fcgyf\u00e9loldalon is sz\u00e1mos el\u0151ny tapasztalhat\u00f3.<\/p>\n<p>Egy energiat\u00e1rol\u00f3nak sz\u00e1mos el\u0151nye van, ami hozz\u00e1j\u00e1rul a fenntarthat\u00f3, gazdas\u00e1gilag hat\u00e9kony \u00e9s stabil energiaell\u00e1t\u00e1s kialak\u00edt\u00e1s\u00e1hoz.<\/p>\n<p><strong>Energiaf\u00fcggetlens\u00e9g n\u00f6vel\u00e9se:<\/strong> Meg\u00fajul\u00f3 energiatermel\u00e9ssel egy\u00fctt alkalmazva cs\u00f6kkenti azenergiah\u00e1l\u00f3zatt\u00f3l val\u00f3 f\u00fcgg\u0151s\u00e9get, \u00e9s a h\u00e1l\u00f3zatb\u00f3l kivett energia mennyis\u00e9g\u00e9t. Az energiat\u00e1rol\u00f3 ak\u00e1r 20-30%kal nagyobb f\u00fcggetlens\u00e9get biztos\u00edt, mint mint egy \u00f6n\u00e1ll\u00f3 napelemes rendszer.<\/p>\n<p><strong>Megb\u00edzhat\u00f3s\u00e1g \u00e9s stabilit\u00e1s:<\/strong> Seg\u00edt kiegyens\u00falyozni az energiaell\u00e1t\u00e1st, cs\u00f6kkentve a h\u00e1l\u00f3zati kimarad\u00e1sok \u00e9s ingadoz\u00e1sok kock\u00e1zat\u00e1t.<\/p>\n<p>Tervezhet\u0151bb energia\u00e1rak: L\u00e9v\u00e9n az energiat\u00e1rol\u00f3s beruh\u00e1z\u00e1sok \u00e9lettartama +10 \u00e9v, ez id\u0151 alatt a v\u00e9gfelhaszn\u00e1l\u00f3i energia\u00e1r strukt\u00fara kev\u00e9sb\u00e9 lesz kitett a piaci \u00e1rv\u00e1ltoz\u00e1soknak ez\u00e1ltal sokkal tervezhet\u0151bb\u00e9 v\u00e1lik.<\/p>\n<p><strong>Rugalmass\u00e1g az energia-piacokon:<\/strong> Lehet\u0151v\u00e9 teszi az energia t\u00e1rol\u00e1s\u00e1t az alacsony \u00e1r\u00fa id\u0151szakokban, \u00e9s felhaszn\u00e1l\u00e1s\u00e1t magas \u00e1rak mellett, optimaliz\u00e1lva a gazdas\u00e1gi eredm\u00e9nyeket.<\/p>\n<p><strong>Integr\u00e1ci\u00f3 megk\u00f6nny\u00edt\u00e9se:<\/strong> Seg\u00edt az meg\u00fajul\u00f3 energiaforr\u00e1sok (pl. sz\u00e9l \u00e9s napenergia) intenz\u00edvebb integr\u00e1ci\u00f3j\u00e1ban, a villamosh\u00e1l\u00f3zat egyens\u00falyban tart\u00e1s\u00e1ban.<\/p>\n<p><strong>Cs\u00f6kkenti a k\u00f6rnyezeti terhel\u00e9st:<\/strong> El\u0151seg\u00edti a tiszt\u00e1bb energiaforr\u00e1sok haszn\u00e1lat\u00e1t \u00e9s cs\u00f6kkenti a fosszilis t\u00fczel\u0151anyagok ir\u00e1nti ig\u00e9nyt.<\/p>\n<p><!-- \/wp:post-content --><!-- wp:post-content --><\/p>\n<p><strong>Milyen az optim\u00e1lis rendszerm\u00e9ret?<\/strong><br \/>A rendszerm\u00e9ret tervez\u00e9s\u00e9t \u00e9rdemes szakemberre b\u00edzni. Figyelembe kell venni a villamosenergia fogyaszt\u00e1st \u00e9s a pillanatnyi felhaszn\u00e1l\u00e1si szok\u00e1sokat, az \u00e1ramfogyaszt\u00e1sban tervezett esetleges v\u00e1ltoz\u00e1sokat, illetve a helyi adotts\u00e1goknak megfelel\u0151 meg\u00fajul\u00f3 termel\u00e9si potenci\u00e1lt.<\/p>\n<ul>\n<li>ahol m\u00e9g nincs termel\u0151 nap\/sz\u00e9l er\u0151m\u0171, sz\u00e1m\u00edt\u00e1sokkal meghat\u00e1rozhatjuk az optim\u00e1lis termel\u0151 \u00e9s t\u00e1rol\u00f3kapacit\u00e1s rendszerm\u00e9retet.<\/li>\n<li>ahol m\u00e1r van napelem, l\u00e9tjogosults\u00e1ga lehet egy kisebb t\u00e1rol\u00f3nak hogy cs\u00f6kkents\u00fck a visszwatt vesztes\u00e9get, vagy tov\u00e1bb b\u0151v\u00edthetj\u00fck a napelemes rendszert \u00e9s egy nagyobb energiat\u00e1rol\u00f3val jobban ki tudjuk haszn\u00e1lni a fent r\u00e9szletezett el\u0151ny\u00f6ket.<\/li>\n<\/ul>\n<p><strong>K\u00e9rje ingyenes konzult\u00e1ci\u00f3nkat!<\/strong><\/p>\n<p><strong>Mi\u00e9rt minket v\u00e1lasszon?<\/strong><\/p>\n<p>A CoreComm c\u00e9gcsoport 2000 \u00f3ta seg\u00edti a v\u00e1llalkoz\u00e1sokat, hogy energiaell\u00e1t\u00e1suk folytonos \u00e9s biztons\u00e1gos legyen. Mindez m\u00e1ra a k\u00fcldet\u00e9s\u00fcnk\u00e9 v\u00e1lt. Az els\u0151 energiat\u00e1rol\u00f3t 2020ban telep\u00edtett\u00fck saj\u00e1t telephely\u00fcnk\u00f6n. Ez j\u00f3l mutatja szakmai hozz\u00e1\u00e1ll\u00e1sunkat: el\u0151sz\u00f6r tesztelt\u00fck az \u00fajdons\u00e1gnak sz\u00e1m\u00edt\u00f3 technol\u00f3gi\u00e1t, miel\u0151tt \u00fcgyfeleinknek aj\u00e1nlottuk volna. Az\u00f3ta t\u00fal vagyunk t\u00f6bb sikeres projekten, de szakmais\u00e1gunk alapj\u00e1t saj\u00e1t rendszer\u00fcnk \u00fczemeltet\u00e9si tapasztalataira \u00e9p\u00edtj\u00fck.<\/p>\n<p>Ipari\/k\u00f6z\u00fcleti energiat\u00e1rol\u00e1si megold\u00e1sok 50kW-t\u00f3l t\u00f6bb MW-ig.<\/p>\n<p>Az \u00e1ltalunk forgalmazott legkisebb energiat\u00e1rol\u00f3 50kW inverter teljes\u00edtm\u00e9nnyel \u00e9s 109 kWh n\u00e9vleges akkumul\u00e1tor t\u00e1rol\u00f3kapacit\u00e1ssal rendelkezik. A modul\u00e1ris rendszereknek k\u00f6sz\u00f6nhet\u0151en rugalmasan tudunk technikai megold\u00e1st aj\u00e1nlani a fogyaszt\u00f3i ig\u00e9nyek sz\u00e9les tartom\u00e1ny\u00e1ban. L\u00e9v\u00e9n t\u00f6bb gy\u00e1rt\u00f3val is kapcsolatban \u00e1llunk, k\u00edn\u00e1latunkban megtal\u00e1lhat\u00f3 a belt\u00e9ri, k\u00fclt\u00e9ri szekr\u00e9nyes \u00e9s k\u00fclt\u00e9ri kont\u00e9neres megold\u00e1s.<\/p>\n<p><!-- \/wp:post-content --><!-- \/wp:list --><!-- wp:post-content --><\/p>\n<p>Az akkumul\u00e1tor technol\u00f3gia folyamatosan fejl\u0151dik, a gy\u00e1rt\u00e1s volumen\u00e9nek n\u00f6veked\u00e9s\u00e9vel p\u00e1rhuzamosan az \u00e1ra is fokozatosan cs\u00f6kken. Ennek k\u00f6vetkezt\u00e9ben elfogadhat\u00f3 megt\u00e9r\u00fcl\u00e9s mellett val\u00f3s\u00edthat\u00f3 meg egy beruh\u00e1z\u00e1s.<\/p>\n<p><strong><a href=\"https:\/\/corecommenergy.hu\/wp-content\/uploads\/2025\/06\/Tarolo_palyazat_CoreComm_Energy.pdf\">PDF let\u00f6lt\u00e9se<\/a><\/strong><\/p>\n<p><!-- \/wp:post-content --><!-- \/wp:post-content --><\/p>\n\n<!-- wp:post-featured-image \/-->","protected":false},"excerpt":{"rendered":"<p>Az akkumul\u00e1tor technol\u00f3gia folyamatosan fejl\u0151dik, a gy\u00e1rt\u00e1s volumen\u00e9nek n\u00f6veked\u00e9s\u00e9vel p\u00e1rhuzamosan az \u00e1ra is fokozatosan cs\u00f6kken. Ennek k\u00f6vetkezt\u00e9ben elfogadhat\u00f3 megt\u00e9r\u00fcl\u00e9s mellett val\u00f3s\u00edthat\u00f3 meg egy beruh\u00e1z\u00e1s.<\/p>\n","protected":false},"author":5,"featured_media":1816,"comment_status":"closed","ping_status":"closed","sticky":false,"template":"","format":"standard","meta":{"_gspb_post_css":"","footnotes":""},"categories":[5],"tags":[],"class_list":["post-1896","post","type-post","status-publish","format-standard","has-post-thumbnail","hentry","category-hirek"],"yoast_head":"<!-- This site is optimized with the Yoast SEO plugin v25.5 - https:\/\/yoast.com\/wordpress\/plugins\/seo\/ -->\n<title>Mi\u00e9rt \u00e9rdemes beruh\u00e1zni ipari energiat\u00e1rol\u00f3ba? - Corecomm Energy<\/title>\n<meta name=\"robots\" content=\"index, follow, max-snippet:-1, max-image-preview:large, max-video-preview:-1\" \/>\n<link rel=\"canonical\" href=\"https:\/\/corecommenergy.hu\/en\/miert-erdemes-beruhazni-ipari-energiataroloba\/\" \/>\n<meta property=\"og:locale\" content=\"en_US\" \/>\n<meta property=\"og:type\" content=\"article\" \/>\n<meta property=\"og:title\" content=\"Mi\u00e9rt \u00e9rdemes beruh\u00e1zni ipari energiat\u00e1rol\u00f3ba? - Corecomm Energy\" \/>\n<meta property=\"og:description\" content=\"Az akkumul\u00e1tor technol\u00f3gia folyamatosan fejl\u0151dik, a gy\u00e1rt\u00e1s volumen\u00e9nek n\u00f6veked\u00e9s\u00e9vel p\u00e1rhuzamosan az \u00e1ra is fokozatosan cs\u00f6kken. Ennek k\u00f6vetkezt\u00e9ben elfogadhat\u00f3 megt\u00e9r\u00fcl\u00e9s mellett val\u00f3s\u00edthat\u00f3 meg egy beruh\u00e1z\u00e1s.\" \/>\n<meta property=\"og:url\" content=\"https:\/\/corecommenergy.hu\/en\/miert-erdemes-beruhazni-ipari-energiataroloba\/\" \/>\n<meta property=\"og:site_name\" content=\"Corecomm Energy\" \/>\n<meta property=\"article:publisher\" content=\"https:\/\/www.facebook.com\/CoreCommSI\/\" \/>\n<meta property=\"article:published_time\" content=\"2025-06-19T13:43:00+00:00\" \/>\n<meta property=\"article:modified_time\" content=\"2026-04-07T13:56:58+00:00\" \/>\n<meta property=\"og:image\" content=\"https:\/\/corecommenergy.hu\/wp-content\/uploads\/2025\/05\/Kepernyofoto-2025-05-09-16.08.51.png\" \/>\n\t<meta property=\"og:image:width\" content=\"1569\" \/>\n\t<meta property=\"og:image:height\" content=\"978\" \/>\n\t<meta property=\"og:image:type\" content=\"image\/png\" \/>\n<meta name=\"author\" content=\"G\u00f6m\u00f6ri Gergely\" \/>\n<meta name=\"twitter:card\" content=\"summary_large_image\" \/>\n<meta name=\"twitter:label1\" content=\"Written by\" \/>\n\t<meta name=\"twitter:data1\" content=\"G\u00f6m\u00f6ri Gergely\" \/>\n\t<meta name=\"twitter:label2\" content=\"Est. reading time\" \/>\n\t<meta name=\"twitter:data2\" content=\"3 minutes\" \/>\n<script type=\"application\/ld+json\" class=\"yoast-schema-graph\">{\"@context\":\"https:\/\/schema.org\",\"@graph\":[{\"@type\":\"Article\",\"@id\":\"https:\/\/corecommenergy.hu\/en\/miert-erdemes-beruhazni-ipari-energiataroloba\/#article\",\"isPartOf\":{\"@id\":\"https:\/\/corecommenergy.hu\/en\/miert-erdemes-beruhazni-ipari-energiataroloba\/\"},\"author\":{\"name\":\"G\u00f6m\u00f6ri Gergely\",\"@id\":\"https:\/\/corecommenergy.hu\/en\/#\/schema\/person\/4a4cc9f0cc117db6f01bc3254eb8adcd\"},\"headline\":\"Mi\u00e9rt \u00e9rdemes beruh\u00e1zni ipari energiat\u00e1rol\u00f3ba?\",\"datePublished\":\"2025-06-19T13:43:00+00:00\",\"dateModified\":\"2026-04-07T13:56:58+00:00\",\"mainEntityOfPage\":{\"@id\":\"https:\/\/corecommenergy.hu\/en\/miert-erdemes-beruhazni-ipari-energiataroloba\/\"},\"wordCount\":738,\"publisher\":{\"@id\":\"https:\/\/corecommenergy.hu\/en\/#organization\"},\"image\":{\"@id\":\"https:\/\/corecommenergy.hu\/en\/miert-erdemes-beruhazni-ipari-energiataroloba\/#primaryimage\"},\"thumbnailUrl\":\"https:\/\/corecommenergy.hu\/wp-content\/uploads\/2025\/05\/Kepernyofoto-2025-05-09-16.08.51.png\",\"articleSection\":[\"H\u00ed\u00adrek\"],\"inLanguage\":\"en-US\"},{\"@type\":\"WebPage\",\"@id\":\"https:\/\/corecommenergy.hu\/en\/miert-erdemes-beruhazni-ipari-energiataroloba\/\",\"url\":\"https:\/\/corecommenergy.hu\/en\/miert-erdemes-beruhazni-ipari-energiataroloba\/\",\"name\":\"Mi\u00e9rt \u00e9rdemes beruh\u00e1zni ipari energiat\u00e1rol\u00f3ba? - Corecomm Energy\",\"isPartOf\":{\"@id\":\"https:\/\/corecommenergy.hu\/en\/#website\"},\"primaryImageOfPage\":{\"@id\":\"https:\/\/corecommenergy.hu\/en\/miert-erdemes-beruhazni-ipari-energiataroloba\/#primaryimage\"},\"image\":{\"@id\":\"https:\/\/corecommenergy.hu\/en\/miert-erdemes-beruhazni-ipari-energiataroloba\/#primaryimage\"},\"thumbnailUrl\":\"https:\/\/corecommenergy.hu\/wp-content\/uploads\/2025\/05\/Kepernyofoto-2025-05-09-16.08.51.png\",\"datePublished\":\"2025-06-19T13:43:00+00:00\",\"dateModified\":\"2026-04-07T13:56:58+00:00\",\"breadcrumb\":{\"@id\":\"https:\/\/corecommenergy.hu\/en\/miert-erdemes-beruhazni-ipari-energiataroloba\/#breadcrumb\"},\"inLanguage\":\"en-US\",\"potentialAction\":[{\"@type\":\"ReadAction\",\"target\":[\"https:\/\/corecommenergy.hu\/en\/miert-erdemes-beruhazni-ipari-energiataroloba\/\"]}]},{\"@type\":\"ImageObject\",\"inLanguage\":\"en-US\",\"@id\":\"https:\/\/corecommenergy.hu\/en\/miert-erdemes-beruhazni-ipari-energiataroloba\/#primaryimage\",\"url\":\"https:\/\/corecommenergy.hu\/wp-content\/uploads\/2025\/05\/Kepernyofoto-2025-05-09-16.08.51.png\",\"contentUrl\":\"https:\/\/corecommenergy.hu\/wp-content\/uploads\/2025\/05\/Kepernyofoto-2025-05-09-16.08.51.png\",\"width\":1569,\"height\":978,\"caption\":\"Energiat\u00e1rol\u00e1s ipari felhaszn\u00e1l\u00e1sra\"},{\"@type\":\"BreadcrumbList\",\"@id\":\"https:\/\/corecommenergy.hu\/en\/miert-erdemes-beruhazni-ipari-energiataroloba\/#breadcrumb\",\"itemListElement\":[{\"@type\":\"ListItem\",\"position\":1,\"name\":\"Kezd\u0151lap\",\"item\":\"https:\/\/corecommenergy.hu\/en\/\"},{\"@type\":\"ListItem\",\"position\":2,\"name\":\"Mi\u00e9rt \u00e9rdemes beruh\u00e1zni ipari energiat\u00e1rol\u00f3ba?\"}]},{\"@type\":\"WebSite\",\"@id\":\"https:\/\/corecommenergy.hu\/en\/#website\",\"url\":\"https:\/\/corecommenergy.hu\/en\/\",\"name\":\"CoreComm Energy\",\"description\":\"\",\"publisher\":{\"@id\":\"https:\/\/corecommenergy.hu\/en\/#organization\"},\"alternateName\":\"CoreComm\",\"potentialAction\":[{\"@type\":\"SearchAction\",\"target\":{\"@type\":\"EntryPoint\",\"urlTemplate\":\"https:\/\/corecommenergy.hu\/en\/?s={search_term_string}\"},\"query-input\":{\"@type\":\"PropertyValueSpecification\",\"valueRequired\":true,\"valueName\":\"search_term_string\"}}],\"inLanguage\":\"en-US\"},{\"@type\":\"Organization\",\"@id\":\"https:\/\/corecommenergy.hu\/en\/#organization\",\"name\":\"Corecomm Energy\",\"url\":\"https:\/\/corecommenergy.hu\/en\/\",\"logo\":{\"@type\":\"ImageObject\",\"inLanguage\":\"en-US\",\"@id\":\"https:\/\/corecommenergy.hu\/en\/#\/schema\/logo\/image\/\",\"url\":\"https:\/\/corecommenergy.hu\/wp-content\/uploads\/2025\/07\/corecomm-energy-logo.png\",\"contentUrl\":\"https:\/\/corecommenergy.hu\/wp-content\/uploads\/2025\/07\/corecomm-energy-logo.png\",\"width\":240,\"height\":100,\"caption\":\"Corecomm Energy\"},\"image\":{\"@id\":\"https:\/\/corecommenergy.hu\/en\/#\/schema\/logo\/image\/\"},\"sameAs\":[\"https:\/\/www.facebook.com\/CoreCommSI\/\"]},{\"@type\":\"Person\",\"@id\":\"https:\/\/corecommenergy.hu\/en\/#\/schema\/person\/4a4cc9f0cc117db6f01bc3254eb8adcd\",\"name\":\"G\u00f6m\u00f6ri Gergely\",\"image\":{\"@type\":\"ImageObject\",\"inLanguage\":\"en-US\",\"@id\":\"https:\/\/corecommenergy.hu\/en\/#\/schema\/person\/image\/\",\"url\":\"https:\/\/secure.gravatar.com\/avatar\/86c45fa2a897641db1bd565694e833d843f1ee0a5c9087770c833d30d6c86be8?s=96&d=mm&r=g\",\"contentUrl\":\"https:\/\/secure.gravatar.com\/avatar\/86c45fa2a897641db1bd565694e833d843f1ee0a5c9087770c833d30d6c86be8?s=96&d=mm&r=g\",\"caption\":\"G\u00f6m\u00f6ri Gergely\"},\"url\":\"https:\/\/corecommenergy.hu\/en\/author\/gergely\/\"}]}<\/script>\n<!-- \/ Yoast SEO plugin. -->","yoast_head_json":{"title":"Mi\u00e9rt \u00e9rdemes beruh\u00e1zni ipari energiat\u00e1rol\u00f3ba? - Corecomm Energy","robots":{"index":"index","follow":"follow","max-snippet":"max-snippet:-1","max-image-preview":"max-image-preview:large","max-video-preview":"max-video-preview:-1"},"canonical":"https:\/\/corecommenergy.hu\/en\/miert-erdemes-beruhazni-ipari-energiataroloba\/","og_locale":"en_US","og_type":"article","og_title":"Mi\u00e9rt \u00e9rdemes beruh\u00e1zni ipari energiat\u00e1rol\u00f3ba? - Corecomm Energy","og_description":"Az akkumul\u00e1tor technol\u00f3gia folyamatosan fejl\u0151dik, a gy\u00e1rt\u00e1s volumen\u00e9nek n\u00f6veked\u00e9s\u00e9vel p\u00e1rhuzamosan az \u00e1ra is fokozatosan cs\u00f6kken. Ennek k\u00f6vetkezt\u00e9ben elfogadhat\u00f3 megt\u00e9r\u00fcl\u00e9s mellett val\u00f3s\u00edthat\u00f3 meg egy beruh\u00e1z\u00e1s.","og_url":"https:\/\/corecommenergy.hu\/en\/miert-erdemes-beruhazni-ipari-energiataroloba\/","og_site_name":"Corecomm Energy","article_publisher":"https:\/\/www.facebook.com\/CoreCommSI\/","article_published_time":"2025-06-19T13:43:00+00:00","article_modified_time":"2026-04-07T13:56:58+00:00","og_image":[{"width":1569,"height":978,"url":"https:\/\/corecommenergy.hu\/wp-content\/uploads\/2025\/05\/Kepernyofoto-2025-05-09-16.08.51.png","type":"image\/png"}],"author":"G\u00f6m\u00f6ri Gergely","twitter_card":"summary_large_image","twitter_misc":{"Written by":"G\u00f6m\u00f6ri Gergely","Est. reading time":"3 minutes"},"schema":{"@context":"https:\/\/schema.org","@graph":[{"@type":"Article","@id":"https:\/\/corecommenergy.hu\/en\/miert-erdemes-beruhazni-ipari-energiataroloba\/#article","isPartOf":{"@id":"https:\/\/corecommenergy.hu\/en\/miert-erdemes-beruhazni-ipari-energiataroloba\/"},"author":{"name":"G\u00f6m\u00f6ri Gergely","@id":"https:\/\/corecommenergy.hu\/en\/#\/schema\/person\/4a4cc9f0cc117db6f01bc3254eb8adcd"},"headline":"Mi\u00e9rt \u00e9rdemes beruh\u00e1zni ipari energiat\u00e1rol\u00f3ba?","datePublished":"2025-06-19T13:43:00+00:00","dateModified":"2026-04-07T13:56:58+00:00","mainEntityOfPage":{"@id":"https:\/\/corecommenergy.hu\/en\/miert-erdemes-beruhazni-ipari-energiataroloba\/"},"wordCount":738,"publisher":{"@id":"https:\/\/corecommenergy.hu\/en\/#organization"},"image":{"@id":"https:\/\/corecommenergy.hu\/en\/miert-erdemes-beruhazni-ipari-energiataroloba\/#primaryimage"},"thumbnailUrl":"https:\/\/corecommenergy.hu\/wp-content\/uploads\/2025\/05\/Kepernyofoto-2025-05-09-16.08.51.png","articleSection":["H\u00ed\u00adrek"],"inLanguage":"en-US"},{"@type":"WebPage","@id":"https:\/\/corecommenergy.hu\/en\/miert-erdemes-beruhazni-ipari-energiataroloba\/","url":"https:\/\/corecommenergy.hu\/en\/miert-erdemes-beruhazni-ipari-energiataroloba\/","name":"Mi\u00e9rt \u00e9rdemes beruh\u00e1zni ipari energiat\u00e1rol\u00f3ba? - Corecomm Energy","isPartOf":{"@id":"https:\/\/corecommenergy.hu\/en\/#website"},"primaryImageOfPage":{"@id":"https:\/\/corecommenergy.hu\/en\/miert-erdemes-beruhazni-ipari-energiataroloba\/#primaryimage"},"image":{"@id":"https:\/\/corecommenergy.hu\/en\/miert-erdemes-beruhazni-ipari-energiataroloba\/#primaryimage"},"thumbnailUrl":"https:\/\/corecommenergy.hu\/wp-content\/uploads\/2025\/05\/Kepernyofoto-2025-05-09-16.08.51.png","datePublished":"2025-06-19T13:43:00+00:00","dateModified":"2026-04-07T13:56:58+00:00","breadcrumb":{"@id":"https:\/\/corecommenergy.hu\/en\/miert-erdemes-beruhazni-ipari-energiataroloba\/#breadcrumb"},"inLanguage":"en-US","potentialAction":[{"@type":"ReadAction","target":["https:\/\/corecommenergy.hu\/en\/miert-erdemes-beruhazni-ipari-energiataroloba\/"]}]},{"@type":"ImageObject","inLanguage":"en-US","@id":"https:\/\/corecommenergy.hu\/en\/miert-erdemes-beruhazni-ipari-energiataroloba\/#primaryimage","url":"https:\/\/corecommenergy.hu\/wp-content\/uploads\/2025\/05\/Kepernyofoto-2025-05-09-16.08.51.png","contentUrl":"https:\/\/corecommenergy.hu\/wp-content\/uploads\/2025\/05\/Kepernyofoto-2025-05-09-16.08.51.png","width":1569,"height":978,"caption":"Energiat\u00e1rol\u00e1s ipari felhaszn\u00e1l\u00e1sra"},{"@type":"BreadcrumbList","@id":"https:\/\/corecommenergy.hu\/en\/miert-erdemes-beruhazni-ipari-energiataroloba\/#breadcrumb","itemListElement":[{"@type":"ListItem","position":1,"name":"Kezd\u0151lap","item":"https:\/\/corecommenergy.hu\/en\/"},{"@type":"ListItem","position":2,"name":"Mi\u00e9rt \u00e9rdemes beruh\u00e1zni ipari energiat\u00e1rol\u00f3ba?"}]},{"@type":"WebSite","@id":"https:\/\/corecommenergy.hu\/en\/#website","url":"https:\/\/corecommenergy.hu\/en\/","name":"CoreComm Energy","description":"","publisher":{"@id":"https:\/\/corecommenergy.hu\/en\/#organization"},"alternateName":"CoreComm","potentialAction":[{"@type":"SearchAction","target":{"@type":"EntryPoint","urlTemplate":"https:\/\/corecommenergy.hu\/en\/?s={search_term_string}"},"query-input":{"@type":"PropertyValueSpecification","valueRequired":true,"valueName":"search_term_string"}}],"inLanguage":"en-US"},{"@type":"Organization","@id":"https:\/\/corecommenergy.hu\/en\/#organization","name":"Corecomm Energy","url":"https:\/\/corecommenergy.hu\/en\/","logo":{"@type":"ImageObject","inLanguage":"en-US","@id":"https:\/\/corecommenergy.hu\/en\/#\/schema\/logo\/image\/","url":"https:\/\/corecommenergy.hu\/wp-content\/uploads\/2025\/07\/corecomm-energy-logo.png","contentUrl":"https:\/\/corecommenergy.hu\/wp-content\/uploads\/2025\/07\/corecomm-energy-logo.png","width":240,"height":100,"caption":"Corecomm Energy"},"image":{"@id":"https:\/\/corecommenergy.hu\/en\/#\/schema\/logo\/image\/"},"sameAs":["https:\/\/www.facebook.com\/CoreCommSI\/"]},{"@type":"Person","@id":"https:\/\/corecommenergy.hu\/en\/#\/schema\/person\/4a4cc9f0cc117db6f01bc3254eb8adcd","name":"G\u00f6m\u00f6ri Gergely","image":{"@type":"ImageObject","inLanguage":"en-US","@id":"https:\/\/corecommenergy.hu\/en\/#\/schema\/person\/image\/","url":"https:\/\/secure.gravatar.com\/avatar\/86c45fa2a897641db1bd565694e833d843f1ee0a5c9087770c833d30d6c86be8?s=96&d=mm&r=g","contentUrl":"https:\/\/secure.gravatar.com\/avatar\/86c45fa2a897641db1bd565694e833d843f1ee0a5c9087770c833d30d6c86be8?s=96&d=mm&r=g","caption":"G\u00f6m\u00f6ri Gergely"},"url":"https:\/\/corecommenergy.hu\/en\/author\/gergely\/"}]}},"_links":{"self":[{"href":"https:\/\/corecommenergy.hu\/en\/wp-json\/wp\/v2\/posts\/1896","targetHints":{"allow":["GET"]}}],"collection":[{"href":"https:\/\/corecommenergy.hu\/en\/wp-json\/wp\/v2\/posts"}],"about":[{"href":"https:\/\/corecommenergy.hu\/en\/wp-json\/wp\/v2\/types\/post"}],"author":[{"embeddable":true,"href":"https:\/\/corecommenergy.hu\/en\/wp-json\/wp\/v2\/users\/5"}],"replies":[{"embeddable":true,"href":"https:\/\/corecommenergy.hu\/en\/wp-json\/wp\/v2\/comments?post=1896"}],"version-history":[{"count":9,"href":"https:\/\/corecommenergy.hu\/en\/wp-json\/wp\/v2\/posts\/1896\/revisions"}],"predecessor-version":[{"id":1911,"href":"https:\/\/corecommenergy.hu\/en\/wp-json\/wp\/v2\/posts\/1896\/revisions\/1911"}],"wp:featuredmedia":[{"embeddable":true,"href":"https:\/\/corecommenergy.hu\/en\/wp-json\/wp\/v2\/media\/1816"}],"wp:attachment":[{"href":"https:\/\/corecommenergy.hu\/en\/wp-json\/wp\/v2\/media?parent=1896"}],"wp:term":[{"taxonomy":"category","embeddable":true,"href":"https:\/\/corecommenergy.hu\/en\/wp-json\/wp\/v2\/categories?post=1896"},{"taxonomy":"post_tag","embeddable":true,"href":"https:\/\/corecommenergy.hu\/en\/wp-json\/wp\/v2\/tags?post=1896"}],"curies":[{"name":"wp","href":"https:\/\/api.w.org\/{rel}","templated":true}]}}